{"id":1560,"date":"2019-07-05T11:49:09","date_gmt":"2019-07-05T15:49:09","guid":{"rendered":"https:\/\/ouvidoria.tce.am.gov.br\/?p=1560"},"modified":"2020-07-04T00:07:49","modified_gmt":"2020-07-04T04:07:49","slug":"com-grande-publico-presidente-figueiredo-recebeu-mais-uma-edicao-do-programa-rodas-de-cidadania","status":"publish","type":"post","link":"https:\/\/ouvidoria.tce.am.gov.br\/?p=1560","title":{"rendered":"Com grande p\u00fablico, Presidente Figueiredo recebeu mais uma edi\u00e7\u00e3o do programa Rodas de Cidadania"},"content":{"rendered":"<p style=\"text-align: justify;\"><span style=\"font-family: 'times new roman', times, serif; font-size: 14pt;\">O programa Rodas de Cidadania esteve, novamente, em Presidente Figueiredo. Demandas de diversas \u00e1reas foram apresentadas durante a Audi\u00eancia P\u00fablica de ontem (4), que contou com a presen\u00e7a de autoridades locais e representantes da Rede de Ouvidorias do Amazonas.<\/span><\/p>\n<figure id=\"attachment_1107\" aria-describedby=\"caption-attachment-1107\" style=\"width: 323px\" class=\"wp-caption aligncenter\"><a href=\"https:\/\/ouvidoria.tce.am.gov.br\/wp-content\/uploads\/2019\/07\/IMG-20190704-WA0002.jpg\"><img fetchpriority=\"high\" decoding=\"async\" class=\"wp-image-1107\" src=\"https:\/\/ouvidoria.tce.am.gov.br\/wp-content\/uploads\/2019\/07\/IMG-20190704-WA0002-1024x768.jpg\" alt=\"\" width=\"323\" height=\"243\" srcset=\"https:\/\/ouvidoria.tce.am.gov.br\/wp-content\/uploads\/2019\/07\/IMG-20190704-WA0002-1024x768.jpg 1024w, https:\/\/ouvidoria.tce.am.gov.br\/wp-content\/uploads\/2019\/07\/IMG-20190704-WA0002-300x225.jpg 300w, https:\/\/ouvidoria.tce.am.gov.br\/wp-content\/uploads\/2019\/07\/IMG-20190704-WA0002-768x576.jpg 768w, https:\/\/ouvidoria.tce.am.gov.br\/wp-content\/uploads\/2019\/07\/IMG-20190704-WA0002-940x705.jpg 940w, https:\/\/ouvidoria.tce.am.gov.br\/wp-content\/uploads\/2019\/07\/IMG-20190704-WA0002.jpg 1032w\" sizes=\"(max-width: 323px) 100vw, 323px\" \/><\/a><figcaption id=\"caption-attachment-1107\" class=\"wp-caption-text\"><span style=\"font-family: 'times new roman', times, serif; font-size: 12pt;\"><strong>Foto:<\/strong> Francilan Bernab\u00e9<\/span><\/figcaption><\/figure>\n<p>&nbsp;<\/p>\n<p style=\"text-align: justify;\"><span style=\"font-family: 'times new roman', times, serif; font-size: 14pt;\">De volta \u00e0 \u201cTerra das Cachoeiras\u201d, como \u00e9 conhecido o munic\u00edpio de Presidente Figueiredo, a equipe da Ouvidoria geral do Tribunal de Contas do Estado do Amazonas (TCE-AM) n\u00e3o adotou um tema espec\u00edfico para essa edi\u00e7\u00e3o, visando atender um maior n\u00famero de demandas. O evento foi realizado no audit\u00f3rio do Instituto Federal de Educa\u00e7\u00e3o, Ci\u00eancia e Tecnologia do Amazonas (Ifam), mais de 200 pessoas estiverem presentes no local.<\/span><\/p>\n<p style=\"text-align: justify;\"><span style=\"font-family: 'times new roman', times, serif; font-size: 14pt;\">O diretor do Ifam, Dr. Jackson Pantoja Lima, falou sobre a import\u00e2ncia de levar, outra vez, o Rodas de Cidadania ao munic\u00edpio. \u201cEssa \u00e9 a segunda vez que o Campus de Presidente Figueiredo sedia esse evento, o programa Rodas de Cidadania. Ele \u00e9 essencial para fazer com o que o cidad\u00e3o se manifeste perante os \u00f3rg\u00e3os de Poder P\u00fablico, e que o cidad\u00e3o tenha essa cidadania plena\u201d, ressaltou o diretor.<\/span><\/p>\n<figure id=\"attachment_1105\" aria-describedby=\"caption-attachment-1105\" style=\"width: 329px\" class=\"wp-caption aligncenter\"><a href=\"https:\/\/ouvidoria.tce.am.gov.br\/wp-content\/uploads\/2019\/07\/20190704101336_IMG_2647.jpg\"><img decoding=\"async\" class=\"wp-image-1105\" src=\"https:\/\/ouvidoria.tce.am.gov.br\/wp-content\/uploads\/2019\/07\/20190704101336_IMG_2647-1024x683.jpg\" alt=\"\" width=\"329\" height=\"219\" srcset=\"https:\/\/ouvidoria.tce.am.gov.br\/wp-content\/uploads\/2019\/07\/20190704101336_IMG_2647-1024x683.jpg 1024w, https:\/\/ouvidoria.tce.am.gov.br\/wp-content\/uploads\/2019\/07\/20190704101336_IMG_2647-300x200.jpg 300w, https:\/\/ouvidoria.tce.am.gov.br\/wp-content\/uploads\/2019\/07\/20190704101336_IMG_2647-768x512.jpg 768w, https:\/\/ouvidoria.tce.am.gov.br\/wp-content\/uploads\/2019\/07\/20190704101336_IMG_2647-940x627.jpg 940w\" sizes=\"(max-width: 329px) 100vw, 329px\" \/><\/a><figcaption id=\"caption-attachment-1105\" class=\"wp-caption-text\"><span style=\"font-family: 'times new roman', times, serif; font-size: 12pt;\">Diretor do Ifam, Jackson Pantoja Lima, fala da import\u00e2ncia de trazer o usu\u00e1rio e o executor das pol\u00edticas para uma roda de conversa. <strong>Foto<\/strong>: Giovana Airon <\/span><\/figcaption><\/figure>\n<p>&nbsp;<\/p>\n<p style=\"text-align: justify;\"><span style=\"font-family: 'times new roman', times, serif; font-size: 14pt;\">Assuntos como transporte escolar; pavimenta\u00e7\u00e3o de ruas, estradas e ramais; calend\u00e1rio escolar; concurso p\u00fablico, etc. foram constantemente repetidos pelo p\u00fablico presente. Nelson Salustriano, morador da cidade, disse que o programa Rodas de Cidadania precisa trazer resultado. \u201cEu ficaria muito feliz, se tudo aquilo que foi tratado aqui, que \u00f3rg\u00e3os competentes fizessem a sua parte. Audi\u00eancia P\u00fablica \u00e9 boa quando traz resultado\u201d.<\/span><\/p>\n<figure id=\"attachment_1106\" aria-describedby=\"caption-attachment-1106\" style=\"width: 341px\" class=\"wp-caption aligncenter\"><a href=\"https:\/\/ouvidoria.tce.am.gov.br\/wp-content\/uploads\/2019\/07\/20190704122033_IMG_2744.jpg\"><img decoding=\"async\" class=\"wp-image-1106\" src=\"https:\/\/ouvidoria.tce.am.gov.br\/wp-content\/uploads\/2019\/07\/20190704122033_IMG_2744-1024x683.jpg\" alt=\"\" width=\"341\" height=\"227\" srcset=\"https:\/\/ouvidoria.tce.am.gov.br\/wp-content\/uploads\/2019\/07\/20190704122033_IMG_2744-1024x683.jpg 1024w, https:\/\/ouvidoria.tce.am.gov.br\/wp-content\/uploads\/2019\/07\/20190704122033_IMG_2744-300x200.jpg 300w, https:\/\/ouvidoria.tce.am.gov.br\/wp-content\/uploads\/2019\/07\/20190704122033_IMG_2744-768x512.jpg 768w, https:\/\/ouvidoria.tce.am.gov.br\/wp-content\/uploads\/2019\/07\/20190704122033_IMG_2744-940x627.jpg 940w\" sizes=\"(max-width: 341px) 100vw, 341px\" \/><\/a><figcaption id=\"caption-attachment-1106\" class=\"wp-caption-text\"><span style=\"font-size: 12pt; font-family: 'times new roman', times, serif;\">Equipe da Ouvidoria do TCE-AM recebe manifesta\u00e7\u00f5es ao final da Audi\u00eancia P\u00fablica. <strong>Foto<\/strong>: Giovana Airon<\/span><\/figcaption><\/figure>\n<p style=\"text-align: justify;\"><span style=\"font-family: 'times new roman', times, serif; font-size: 14pt;\">O diretor da Ouvidoria do TCE-AM, Harleson Arueira, falou sobre as manifesta\u00e7\u00f5es que foram apresentadas durante a Audi\u00eancia P\u00fablica. \u201cAs demandas que foram recebidas ser\u00e3o analisadas e encaminhadas ao Poderes Executivo e Legislativo. O TCE-AM verificar\u00e1 se as demandas foram solucionadas, para que possa, no \u00e2mbito do controle externo, fazer com que a lei seja cumprida\u201d.<\/span><\/p>\n<p style=\"text-align: justify;\"><span style=\"font-family: 'times new roman', times, serif; font-size: 14pt;\">A cidade de Tef\u00e9 ser\u00e1 a pr\u00f3xima a receber o Rodas de Cidadania. O evento ser\u00e1 dia 8 de julho, \u00e0s 19h, na sede do Centro de Educa\u00e7\u00e3o Tecnol\u00f3gica do Amazonas (Cetam).<\/span><\/p>\n<p>&nbsp;<\/p>\n<p>&nbsp;<\/p>\n<p><span style=\"font-family: 'times new roman', times, serif; font-size: 14pt;\">Texto: Giovana Airon<\/span><\/p>\n<p>&nbsp;<\/p>\n","protected":false},"excerpt":{"rendered":"<p>O programa Rodas de Cidadania esteve, novamente, em Presidente Figueiredo. Demandas de diversas \u00e1reas foram apresentadas durante a Audi\u00eancia P\u00fablica de ontem (4), que contou com a presen\u00e7a de autoridades locais e representantes da Rede de Ouvidorias do Amazonas. &nbsp; De volta \u00e0 \u201cTerra das Cachoeiras\u201d, como \u00e9 conhecido o munic\u00edpio de Presidente Figueiredo, a [&hellip;]<\/p>\n","protected":false},"author":5,"featured_media":1104,"comment_status":"closed","ping_status":"closed","sticky":false,"template":"","format":"standard","meta":{"_monsterinsights_skip_tracking":false,"_monsterinsights_sitenote_active":false,"_monsterinsights_sitenote_note":"","_monsterinsights_sitenote_category":0,"site-sidebar-layout":"default","site-content-layout":"default","ast-site-content-layout":"","site-content-style":"default","site-sidebar-style":"default","ast-global-header-display":"","ast-banner-title-visibility":"","ast-main-header-display":"","ast-hfb-above-header-display":"","ast-hfb-below-header-display":"","ast-hfb-mobile-header-display":"","site-post-title":"","ast-breadcrumbs-content":"","ast-featured-img":"","footer-sml-layout":"","theme-transparent-header-meta":"default","adv-header-id-meta":"","stick-header-meta":"","header-above-stick-meta":"","header-main-stick-meta":"","header-below-stick-meta":"","astra-migrate-meta-layouts":"default","ast-page-background-enabled":"default","ast-page-background-meta":{"desktop":{"background-color":"","background-image":"","background-repeat":"repeat","background-position":"center center","background-size":"auto","background-attachment":"scroll","background-type":"","background-media":"","overlay-type":"","overlay-color":"","overlay-opacity":"","overlay-gradient":""},"tablet":{"background-color":"","background-image":"","background-repeat":"repeat","background-position":"center center","background-size":"auto","background-attachment":"scroll","background-type":"","background-media":"","overlay-type":"","overlay-color":"","overlay-opacity":"","overlay-gradient":""},"mobile":{"background-color":"","background-image":"","background-repeat":"repeat","background-position":"center center","background-size":"auto","background-attachment":"scroll","background-type":"","background-media":"","overlay-type":"","overlay-color":"","overlay-opacity":"","overlay-gradient":""}},"ast-content-background-meta":{"desktop":{"background-color":"var(--ast-global-color-5)","background-image":"","background-repeat":"repeat","background-position":"center center","background-size":"auto","background-attachment":"scroll","background-type":"","background-media":"","overlay-type":"","overlay-color":"","overlay-opacity":"","overlay-gradient":""},"tablet":{"background-color":"var(--ast-global-color-5)","background-image":"","background-repeat":"repeat","background-position":"center center","background-size":"auto","background-attachment":"scroll","background-type":"","background-media":"","overlay-type":"","overlay-color":"","overlay-opacity":"","overlay-gradient":""},"mobile":{"background-color":"var(--ast-global-color-5)","background-image":"","background-repeat":"repeat","background-position":"center center","background-size":"auto","background-attachment":"scroll","background-type":"","background-media":"","overlay-type":"","overlay-color":"","overlay-opacity":"","overlay-gradient":""}},"footnotes":""},"categories":[28,36],"tags":[],"class_list":["post-1560","post","type-post","status-publish","format-standard","has-post-thumbnail","hentry","category-noticias","category-rodas-de-cidadania"],"_links":{"self":[{"href":"https:\/\/ouvidoria.tce.am.gov.br\/index.php?rest_route=\/wp\/v2\/posts\/1560","targetHints":{"allow":["GET"]}}],"collection":[{"href":"https:\/\/ouvidoria.tce.am.gov.br\/index.php?rest_route=\/wp\/v2\/posts"}],"about":[{"href":"https:\/\/ouvidoria.tce.am.gov.br\/index.php?rest_route=\/wp\/v2\/types\/post"}],"author":[{"embeddable":true,"href":"https:\/\/ouvidoria.tce.am.gov.br\/index.php?rest_route=\/wp\/v2\/users\/5"}],"replies":[{"embeddable":true,"href":"https:\/\/ouvidoria.tce.am.gov.br\/index.php?rest_route=%2Fwp%2Fv2%2Fcomments&post=1560"}],"version-history":[{"count":2,"href":"https:\/\/ouvidoria.tce.am.gov.br\/index.php?rest_route=\/wp\/v2\/posts\/1560\/revisions"}],"predecessor-version":[{"id":1564,"href":"https:\/\/ouvidoria.tce.am.gov.br\/index.php?rest_route=\/wp\/v2\/posts\/1560\/revisions\/1564"}],"wp:featuredmedia":[{"embeddable":true,"href":"https:\/\/ouvidoria.tce.am.gov.br\/index.php?rest_route=\/wp\/v2\/media\/1104"}],"wp:attachment":[{"href":"https:\/\/ouvidoria.tce.am.gov.br\/index.php?rest_route=%2Fwp%2Fv2%2Fmedia&parent=1560"}],"wp:term":[{"taxonomy":"category","embeddable":true,"href":"https:\/\/ouvidoria.tce.am.gov.br\/index.php?rest_route=%2Fwp%2Fv2%2Fcategories&post=1560"},{"taxonomy":"post_tag","embeddable":true,"href":"https:\/\/ouvidoria.tce.am.gov.br\/index.php?rest_route=%2Fwp%2Fv2%2Ftags&post=1560"}],"curies":[{"name":"wp","href":"https:\/\/api.w.org\/{rel}","templated":true}]}}