{"id":2168,"date":"2021-06-25T13:41:12","date_gmt":"2021-06-25T17:41:12","guid":{"rendered":"https:\/\/ouvidoria.tce.am.gov.br\/?p=2168"},"modified":"2021-07-09T09:10:34","modified_gmt":"2021-07-09T13:10:34","slug":"vacinacao-saude-mental-e-prestacao-dos-servicos-publicos-no-cenario-pandemico-foram-debatidos-no-programa-rodas-de-cidadania-do-tce-am","status":"publish","type":"post","link":"https:\/\/ouvidoria.tce.am.gov.br\/?p=2168","title":{"rendered":"Vacina\u00e7\u00e3o, sa\u00fade mental e presta\u00e7\u00e3o dos servi\u00e7os p\u00fablicos no cen\u00e1rio pand\u00eamico foram debatidos no programa Rodas de Cidadania do TCE-AM"},"content":{"rendered":"<p style=\"text-align: justify;\"><span style=\"font-family: 'times new roman', times, serif; font-size: 14pt;\">Com temas ligados \u00e0 sa\u00fade e presta\u00e7\u00e3o de servi\u00e7os p\u00fablicos no cen\u00e1rio pand\u00eamico, a Ouvidoria do Tribunal de Contas do Amazonas (TCE-AM), em parceria com a Escola de Contas P\u00fablicas do Amazonas (ECP-AM), realizou a 1\u00aa Audi\u00eancia P\u00fablica do programa Rodas de Cidadania na manh\u00e3 desta sexta-feira (25).<\/span><\/p>\n<p style=\"text-align: justify;\"><span style=\"font-family: 'times new roman', times, serif; font-size: 14pt;\">\u201c\u00c9 uma satisfa\u00e7\u00e3o est\u200bar participando da volta do programa Rodas de Cidadania. Esse programa \u00e9 muito importante para divulgar o trabalho da Ouvidoria e ouvir os cidad\u00e3os, trocar ideias, fazer reclama\u00e7\u00f5es, elogios, propostas, sugest\u00f5es. Agora, de forma virtual, cumprindo o nosso papel, al\u00e9m de trazer como tema o momento em que estamos vivendo, que \u00e9 a sa\u00fade em tempos de pandemia\u201d, ressaltou o conselheiro-ouvidor do TCE-AM, \u00c9rico Desterro.<\/span><\/p>\n<p style=\"text-align: justify;\"><span style=\"font-family: 'times new roman', times, serif; font-size: 14pt;\">O objetivo do programa \u00e9 explicar as atribui\u00e7\u00f5es do TCE-AM, ouvir a popula\u00e7\u00e3o e o Poder P\u00fablico sobre as demandas existentes e informar os canais de comunica\u00e7\u00e3o da Ouvidoria da Corte de Contas.<\/span><\/p>\n<p style=\"text-align: justify;\"><span style=\"font-family: 'times new roman', times, serif; font-size: 14pt;\">Demandas sobre vacina\u00e7\u00e3o, sa\u00fade mental, apoio aos profissionais da sa\u00fade e presta\u00e7\u00e3o dos servi\u00e7os p\u00fablicos de sa\u00fade, no cen\u00e1rio pand\u00eamico, foram apresentadas durante a Audi\u00eancia P\u00fablica, que foi realizada de forma virtual, devido \u00e0 pandemia, e teve mais de 140 participantes.<\/span><\/p>\n<p style=\"text-align: justify;\"><span style=\"font-family: 'times new roman', times, serif; font-size: 14pt;\">A diretora-geral da ECP, Virna Pereira, ressaltou a import\u00e2ncia da parceria entre a Escola de Contas e a Ouvidoria para a realiza\u00e7\u00e3o do Rodas de Cidadania.<\/span><\/p>\n<p style=\"text-align: justify;\"><span style=\"font-family: 'times new roman', times, serif; font-size: 14pt;\">\u201c\u00c9 um momento em que o controle social, controle interno, controle externo, o poder p\u00fablico e a sociedade organizada podem, em conjunto, verificar os pontos fracos e fortes que est\u00e3o ocorrendo em nosso estado e, tamb\u00e9m, oportunizar melhorias para toda a sociedade amazonense\u201d, destacou a diretora-geral da ECP.<\/span><\/p>\n<p style=\"text-align: justify;\"><span style=\"font-family: 'times new roman', times, serif; font-size: 14pt;\">O encontro contou com a presen\u00e7a de autoridades locais, como o secret\u00e1rio de sa\u00fade interino do Estado do Amazonas, Silvio Romano; a secret\u00e1ria municipal de sa\u00fade, Shadia Fraxe; o infectologista da Funda\u00e7\u00e3o de Vigil\u00e2ncia do Amazonas (FVS), Bernardino Albuquerque; o controlador-geral do munic\u00edpio de Manaus, Arnaldo Flores; do subcontrolador-geral de Ouvidoria do Estado do Amazonas, Rog\u00e9rio de S\u00e1 Nogueira; representantes do Conselho Municipal de Sa\u00fade de Manaus, entre outros.<\/span><\/p>\n<p style=\"text-align: justify;\"><span style=\"font-family: 'times new roman', times, serif; font-size: 14pt;\">A pr\u00f3xima audi\u00eancia p\u00fablica ser\u00e1 realizada no dia 09 de julho, \u00e0s 10h, com o tema \u2018Seguran\u00e7a P\u00fablica\u2019.<\/span><\/p>\n<p style=\"text-align: justify;\"><span style=\"font-family: 'times new roman', times, serif; font-size: 14pt;\">\u200b\u200b<strong>Sobre o programa<\/strong><\/span><\/p>\n<p style=\"text-align: justify;\"><span style=\"font-family: 'times new roman', times, serif; font-size: 14pt;\">Idealizado pelo conselheiro-ouvidor do TCE-AM, \u00c9rico Xavier Desterro e Silva, o Rodas de Cidadania foi originado do Programa de Forma\u00e7\u00e3o de Agentes de Controle Social (Profac), tamb\u00e9m criado pelo conselheiro \u00c9rico em 2015. A partir de alguns relatos de representantes que participaram do Profac, o Tribunal optou por realizar, em 2019, o Rodas de Cidadania nos munic\u00edpios amazonenses.<\/span><\/p>\n<p style=\"text-align: justify;\"><span style=\"font-family: 'times new roman', times, serif; font-size: 14pt;\">Em 2019, foram realizadas tr\u00eas etapas e contemplou os munic\u00edpios de Alvar\u00e3es, Autazes, Benjamin Constant, Careiro, Careiro da V\u00e1rzea, Humait\u00e1, Itacoatiara, Itapiranga, Manacapuru, Manaus, Mau\u00e9s, Novo Air\u00e3o, Parintins, Presidente Figueiredo, Tabatinga, Tef\u00e9 e Urucurituba.<\/span><\/p>\n<p style=\"text-align: justify;\"><span style=\"font-family: 'times new roman', times, serif; font-size: 14pt;\">&#8230;<\/span><\/p>\n<p style=\"text-align: justify;\"><span style=\"font-family: 'times new roman', times, serif; font-size: 14pt;\"><strong>Texto<\/strong>: Giovana Airon<\/span><\/p>\n","protected":false},"excerpt":{"rendered":"<p>Com temas ligados \u00e0 sa\u00fade e presta\u00e7\u00e3o de servi\u00e7os p\u00fablicos no cen\u00e1rio pand\u00eamico, a Ouvidoria do Tribunal de Contas do Amazonas (TCE-AM), em parceria com a Escola de Contas P\u00fablicas do Amazonas (ECP-AM), realizou a 1\u00aa Audi\u00eancia P\u00fablica do programa Rodas de Cidadania na manh\u00e3 desta sexta-feira (25). \u201c\u00c9 uma satisfa\u00e7\u00e3o est\u200bar participando da volta [&hellip;]<\/p>\n","protected":false},"author":5,"featured_media":2169,"comment_status":"closed","ping_status":"closed","sticky":false,"template":"","format":"standard","meta":{"_monsterinsights_skip_tracking":false,"_monsterinsights_sitenote_active":false,"_monsterinsights_sitenote_note":"","_monsterinsights_sitenote_category":0,"site-sidebar-layout":"default","site-content-layout":"default","ast-site-content-layout":"","site-content-style":"default","site-sidebar-style":"default","ast-global-header-display":"","ast-banner-title-visibility":"","ast-main-header-display":"","ast-hfb-above-header-display":"","ast-hfb-below-header-display":"","ast-hfb-mobile-header-display":"","site-post-title":"","ast-breadcrumbs-content":"","ast-featured-img":"","footer-sml-layout":"","theme-transparent-header-meta":"default","adv-header-id-meta":"","stick-header-meta":"","header-above-stick-meta":"","header-main-stick-meta":"","header-below-stick-meta":"","astra-migrate-meta-layouts":"default","ast-page-background-enabled":"default","ast-page-background-meta":{"desktop":{"background-color":"","background-image":"","background-repeat":"repeat","background-position":"center center","background-size":"auto","background-attachment":"scroll","background-type":"","background-media":"","overlay-type":"","overlay-color":"","overlay-opacity":"","overlay-gradient":""},"tablet":{"background-color":"","background-image":"","background-repeat":"repeat","background-position":"center center","background-size":"auto","background-attachment":"scroll","background-type":"","background-media":"","overlay-type":"","overlay-color":"","overlay-opacity":"","overlay-gradient":""},"mobile":{"background-color":"","background-image":"","background-repeat":"repeat","background-position":"center center","background-size":"auto","background-attachment":"scroll","background-type":"","background-media":"","overlay-type":"","overlay-color":"","overlay-opacity":"","overlay-gradient":""}},"ast-content-background-meta":{"desktop":{"background-color":"var(--ast-global-color-5)","background-image":"","background-repeat":"repeat","background-position":"center center","background-size":"auto","background-attachment":"scroll","background-type":"","background-media":"","overlay-type":"","overlay-color":"","overlay-opacity":"","overlay-gradient":""},"tablet":{"background-color":"var(--ast-global-color-5)","background-image":"","background-repeat":"repeat","background-position":"center center","background-size":"auto","background-attachment":"scroll","background-type":"","background-media":"","overlay-type":"","overlay-color":"","overlay-opacity":"","overlay-gradient":""},"mobile":{"background-color":"var(--ast-global-color-5)","background-image":"","background-repeat":"repeat","background-position":"center center","background-size":"auto","background-attachment":"scroll","background-type":"","background-media":"","overlay-type":"","overlay-color":"","overlay-opacity":"","overlay-gradient":""}},"footnotes":""},"categories":[28,36],"tags":[],"class_list":["post-2168","post","type-post","status-publish","format-standard","has-post-thumbnail","hentry","category-noticias","category-rodas-de-cidadania"],"_links":{"self":[{"href":"https:\/\/ouvidoria.tce.am.gov.br\/index.php?rest_route=\/wp\/v2\/posts\/2168","targetHints":{"allow":["GET"]}}],"collection":[{"href":"https:\/\/ouvidoria.tce.am.gov.br\/index.php?rest_route=\/wp\/v2\/posts"}],"about":[{"href":"https:\/\/ouvidoria.tce.am.gov.br\/index.php?rest_route=\/wp\/v2\/types\/post"}],"author":[{"embeddable":true,"href":"https:\/\/ouvidoria.tce.am.gov.br\/index.php?rest_route=\/wp\/v2\/users\/5"}],"replies":[{"embeddable":true,"href":"https:\/\/ouvidoria.tce.am.gov.br\/index.php?rest_route=%2Fwp%2Fv2%2Fcomments&post=2168"}],"version-history":[{"count":2,"href":"https:\/\/ouvidoria.tce.am.gov.br\/index.php?rest_route=\/wp\/v2\/posts\/2168\/revisions"}],"predecessor-version":[{"id":2179,"href":"https:\/\/ouvidoria.tce.am.gov.br\/index.php?rest_route=\/wp\/v2\/posts\/2168\/revisions\/2179"}],"wp:featuredmedia":[{"embeddable":true,"href":"https:\/\/ouvidoria.tce.am.gov.br\/index.php?rest_route=\/wp\/v2\/media\/2169"}],"wp:attachment":[{"href":"https:\/\/ouvidoria.tce.am.gov.br\/index.php?rest_route=%2Fwp%2Fv2%2Fmedia&parent=2168"}],"wp:term":[{"taxonomy":"category","embeddable":true,"href":"https:\/\/ouvidoria.tce.am.gov.br\/index.php?rest_route=%2Fwp%2Fv2%2Fcategories&post=2168"},{"taxonomy":"post_tag","embeddable":true,"href":"https:\/\/ouvidoria.tce.am.gov.br\/index.php?rest_route=%2Fwp%2Fv2%2Ftags&post=2168"}],"curies":[{"name":"wp","href":"https:\/\/api.w.org\/{rel}","templated":true}]}}