{"id":2268,"date":"2021-09-03T12:52:10","date_gmt":"2021-09-03T16:52:10","guid":{"rendered":"https:\/\/ouvidoria.tce.am.gov.br\/?p=2268"},"modified":"2021-09-03T12:52:10","modified_gmt":"2021-09-03T16:52:10","slug":"meio-ambiente-e-tema-de-discussoes-na-ultima-etapa-do-rodas-de-cidadania-virtual","status":"publish","type":"post","link":"https:\/\/ouvidoria.tce.am.gov.br\/?p=2268","title":{"rendered":"Meio Ambiente \u00e9 tema de discuss\u00f5es na \u00faltima etapa do Rodas de Cidadania virtual"},"content":{"rendered":"<p style=\"text-align: justify;\"><span style=\"font-family: 'times new roman', times, serif; font-size: 14pt;\">Com assuntos sobre o \u2018Meio Ambiente\u2019, a Ouvidoria do Tribunal de Contas do Amazonas (TCE-AM) realizou o \u00faltimo Rodas de Cidadania virtual na manh\u00e3 desta sexta-feira (03). A audi\u00eancia p\u00fablica encerrou o ciclo de cinco edi\u00e7\u00f5es do programa, que foi realizado ap\u00f3s os blocos do Programa de Forma\u00e7\u00e3o de Agentes de Controle Social (Profac), coordenado pela Escola de Contas P\u00fablica do Amazonas (EPC-AM).<\/span><\/p>\n<p style=\"text-align: justify;\"><span style=\"font-family: 'times new roman', times, serif; font-size: 14pt;\">\u201cEncerramos um ciclo do Rodas de Cidadania de forma virtual e, paralelo a isto, a Ouvidoria com nosso total apoio est\u00e1 indo ao interior do Estado para fomentar a participa\u00e7\u00e3o da sociedade\u201d, afirmou o presidente do TCE-AM, conselheiro Mario de Mello.<\/span><\/p>\n<p style=\"text-align: justify;\"><span style=\"font-family: 'times new roman', times, serif; font-size: 14pt;\">O encontro foi transmitido atrav\u00e9s da plataforma Google Meet e contou com a participa\u00e7\u00e3o de mais de 70 pessoas. O conselheiro-ouvidor do TCE-AM, \u00c9rico Desterro, falou da import\u00e2ncia da interrela\u00e7\u00e3o dos temas que foram abordados ao longo das etapas do programa Rodas de Cidadania.<\/span><\/p>\n<p style=\"text-align: justify;\"><span style=\"font-family: 'times new roman', times, serif; font-size: 14pt;\">\u201cA Ouvidoria do TCE-AM vem desenvolvendo essas rodas de conversas, agora, tem\u00e1ticas. Hoje tivemos como tema Meio Ambiente, que \u00e9 t\u00e3o importante quanto aos demais temas j\u00e1 abordados, pois, um meio ambiente saud\u00e1vel permite que n\u00f3s tenhamos padr\u00f5es mais elevados de sa\u00fade. Uma boa educa\u00e7\u00e3o nos leva a ter um bom relacionamento com o meio em que vivemos. Todas essas tem\u00e1ticas s\u00e3o de preocupa\u00e7\u00e3o do controle externo, notadamente da Corte de Contas amazonense, que se dedica imensamente a exercer um controle eficiente nessas \u00e1reas\u201d, destacou o conselheiro-ouvidor do TCE-AM.<\/span><\/p>\n<p style=\"text-align: justify;\"><span style=\"font-family: 'times new roman', times, serif; font-size: 14pt;\"><strong>Discuss\u00f5es<\/strong><\/span><\/p>\n<p style=\"text-align: justify;\"><span style=\"font-family: 'times new roman', times, serif; font-size: 14pt;\">Entre os assuntos abordados na audi\u00eancia p\u00fablica, destacam-se a constru\u00e7\u00e3o de alguns pr\u00e9dios p\u00fablicos em \u00e1reas de risco, degrada\u00e7\u00e3o ambiental, lix\u00f5es, desmatamento, pol\u00edticas p\u00fablicas voltadas \u00e0 comunidade ind\u00edgena, contamina\u00e7\u00e3o e fiscaliza\u00e7\u00e3o dos igarap\u00e9s.<\/span><\/p>\n<p style=\"text-align: justify;\"><span style=\"font-family: 'times new roman', times, serif; font-size: 14pt;\">A audi\u00eancia p\u00fablica fez, ainda, parte da forma\u00e7\u00e3o dos alunos do Profac. \u201cAtrav\u00e9s da parceria saud\u00e1vel e ben\u00e9fica com a Ouvidoria, n\u00f3s pudemos enriquecer a forma\u00e7\u00e3o dos alunos do Profac. Hoje, tivemos a oportunidade de conversar sobre meio ambiente e sustentabilidade e vimos a import\u00e2ncia de as pol\u00edticas p\u00fablicas ambientais estarem alinhadas com o crescimento urbano\u201d, disse a diretora-geral da ECP-AM, Virna Pereira.<\/span><\/p>\n<p style=\"text-align: justify;\"><span style=\"font-family: 'times new roman', times, serif; font-size: 14pt;\">O objetivo do programa \u00e9 explicar as atribui\u00e7\u00f5es do TCE-AM, ouvir a popula\u00e7\u00e3o e o Poder P\u00fablico sobre as demandas existentes e informar os canais de comunica\u00e7\u00e3o da Ouvidoria da Corte de Contas.<\/span><\/p>\n<p style=\"text-align: justify;\"><span style=\"font-family: 'times new roman', times, serif; font-size: 14pt;\">Nas etapas anteriores, o Rodas de Cidadania teve como tem\u00e1ticas \u201cSa\u00fade\u201d, \u201cEduca\u00e7\u00e3o\u201d, \u201cSeguran\u00e7a P\u00fablica\u201d e \u201cInfraestrutura\u201d. Todos os encontros contaram com representantes de \u00f3rg\u00e3os relacionados aos temas propostos e a participa\u00e7\u00e3o de outras autoridades locais.<\/span><\/p>\n<p style=\"text-align: justify;\"><span style=\"font-family: 'times new roman', times, serif; font-size: 14pt;\">O novo formato foi idealizado devido \u00e0 realidade pand\u00eamica que impedia a realiza\u00e7\u00e3o de atividades presenciais. Com a flexibiliza\u00e7\u00e3o das medidas de restri\u00e7\u00e3o no estado do Amazonas, a Ouvidoria do TCE-AM est\u00e1 voltando, aos poucos, com o desenvolvimento de algumas a\u00e7\u00f5es presenciais, entre elas o Rodas de Cidadania nos munic\u00edpios amazonenses. Rio Preto da Eva e Tabatinga j\u00e1 receberam visitas da equipe da Ouvidoria. Nas pr\u00f3ximas semanas, Mau\u00e9s, Novo Air\u00e3o e Parintins ser\u00e3o contemplados com o programa.<\/span><\/p>\n<p style=\"text-align: justify;\"><span style=\"font-family: 'times new roman', times, serif; font-size: 14pt;\">&#8230;<\/span><\/p>\n<p style=\"text-align: justify;\"><span style=\"font-family: 'times new roman', times, serif; font-size: 14pt;\"><strong>Texto<\/strong>: Giovana Airon<\/span><\/p>\n","protected":false},"excerpt":{"rendered":"<p>Com assuntos sobre o \u2018Meio Ambiente\u2019, a Ouvidoria do Tribunal de Contas do Amazonas (TCE-AM) realizou o \u00faltimo Rodas de Cidadania virtual na manh\u00e3 desta sexta-feira (03). A audi\u00eancia p\u00fablica encerrou o ciclo de cinco edi\u00e7\u00f5es do programa, que foi realizado ap\u00f3s os blocos do Programa de Forma\u00e7\u00e3o de Agentes de Controle Social (Profac), coordenado [&hellip;]<\/p>\n","protected":false},"author":5,"featured_media":2269,"comment_status":"closed","ping_status":"closed","sticky":false,"template":"","format":"standard","meta":{"_monsterinsights_skip_tracking":false,"_monsterinsights_sitenote_active":false,"_monsterinsights_sitenote_note":"","_monsterinsights_sitenote_category":0,"site-sidebar-layout":"default","site-content-layout":"default","ast-site-content-layout":"","site-content-style":"default","site-sidebar-style":"default","ast-global-header-display":"","ast-banner-title-visibility":"","ast-main-header-display":"","ast-hfb-above-header-display":"","ast-hfb-below-header-display":"","ast-hfb-mobile-header-display":"","site-post-title":"","ast-breadcrumbs-content":"","ast-featured-img":"","footer-sml-layout":"","theme-transparent-header-meta":"default","adv-header-id-meta":"","stick-header-meta":"","header-above-stick-meta":"","header-main-stick-meta":"","header-below-stick-meta":"","astra-migrate-meta-layouts":"default","ast-page-background-enabled":"default","ast-page-background-meta":{"desktop":{"background-color":"","background-image":"","background-repeat":"repeat","background-position":"center center","background-size":"auto","background-attachment":"scroll","background-type":"","background-media":"","overlay-type":"","overlay-color":"","overlay-opacity":"","overlay-gradient":""},"tablet":{"background-color":"","background-image":"","background-repeat":"repeat","background-position":"center center","background-size":"auto","background-attachment":"scroll","background-type":"","background-media":"","overlay-type":"","overlay-color":"","overlay-opacity":"","overlay-gradient":""},"mobile":{"background-color":"","background-image":"","background-repeat":"repeat","background-position":"center center","background-size":"auto","background-attachment":"scroll","background-type":"","background-media":"","overlay-type":"","overlay-color":"","overlay-opacity":"","overlay-gradient":""}},"ast-content-background-meta":{"desktop":{"background-color":"var(--ast-global-color-5)","background-image":"","background-repeat":"repeat","background-position":"center center","background-size":"auto","background-attachment":"scroll","background-type":"","background-media":"","overlay-type":"","overlay-color":"","overlay-opacity":"","overlay-gradient":""},"tablet":{"background-color":"var(--ast-global-color-5)","background-image":"","background-repeat":"repeat","background-position":"center center","background-size":"auto","background-attachment":"scroll","background-type":"","background-media":"","overlay-type":"","overlay-color":"","overlay-opacity":"","overlay-gradient":""},"mobile":{"background-color":"var(--ast-global-color-5)","background-image":"","background-repeat":"repeat","background-position":"center center","background-size":"auto","background-attachment":"scroll","background-type":"","background-media":"","overlay-type":"","overlay-color":"","overlay-opacity":"","overlay-gradient":""}},"footnotes":""},"categories":[28,36],"tags":[],"class_list":["post-2268","post","type-post","status-publish","format-standard","has-post-thumbnail","hentry","category-noticias","category-rodas-de-cidadania"],"_links":{"self":[{"href":"https:\/\/ouvidoria.tce.am.gov.br\/index.php?rest_route=\/wp\/v2\/posts\/2268","targetHints":{"allow":["GET"]}}],"collection":[{"href":"https:\/\/ouvidoria.tce.am.gov.br\/index.php?rest_route=\/wp\/v2\/posts"}],"about":[{"href":"https:\/\/ouvidoria.tce.am.gov.br\/index.php?rest_route=\/wp\/v2\/types\/post"}],"author":[{"embeddable":true,"href":"https:\/\/ouvidoria.tce.am.gov.br\/index.php?rest_route=\/wp\/v2\/users\/5"}],"replies":[{"embeddable":true,"href":"https:\/\/ouvidoria.tce.am.gov.br\/index.php?rest_route=%2Fwp%2Fv2%2Fcomments&post=2268"}],"version-history":[{"count":1,"href":"https:\/\/ouvidoria.tce.am.gov.br\/index.php?rest_route=\/wp\/v2\/posts\/2268\/revisions"}],"predecessor-version":[{"id":2270,"href":"https:\/\/ouvidoria.tce.am.gov.br\/index.php?rest_route=\/wp\/v2\/posts\/2268\/revisions\/2270"}],"wp:featuredmedia":[{"embeddable":true,"href":"https:\/\/ouvidoria.tce.am.gov.br\/index.php?rest_route=\/wp\/v2\/media\/2269"}],"wp:attachment":[{"href":"https:\/\/ouvidoria.tce.am.gov.br\/index.php?rest_route=%2Fwp%2Fv2%2Fmedia&parent=2268"}],"wp:term":[{"taxonomy":"category","embeddable":true,"href":"https:\/\/ouvidoria.tce.am.gov.br\/index.php?rest_route=%2Fwp%2Fv2%2Fcategories&post=2268"},{"taxonomy":"post_tag","embeddable":true,"href":"https:\/\/ouvidoria.tce.am.gov.br\/index.php?rest_route=%2Fwp%2Fv2%2Ftags&post=2268"}],"curies":[{"name":"wp","href":"https:\/\/api.w.org\/{rel}","templated":true}]}}