{"id":2286,"date":"2021-09-20T10:28:43","date_gmt":"2021-09-20T14:28:43","guid":{"rendered":"https:\/\/ouvidoria.tce.am.gov.br\/?p=2286"},"modified":"2021-09-21T10:55:01","modified_gmt":"2021-09-21T14:55:01","slug":"alunos-ouvidores-do-projeto-ouvidoria-estudantil-serao-empossados-no-tce-am","status":"publish","type":"post","link":"https:\/\/ouvidoria.tce.am.gov.br\/?p=2286","title":{"rendered":"Alunos ouvidores do projeto Ouvidoria Estudantil ser\u00e3o empossados no TCE-AM"},"content":{"rendered":"<p style=\"text-align: justify;\"><span style=\"font-family: 'times new roman', times, serif; font-size: 14pt;\">A Ouvidoria do Tribunal de Contas do Amazonas (TCE-AM) realizar\u00e1, nesta ter\u00e7a-feira (21), a posse de mais 11 alunos ouvidores do projeto Ouvidoria Estudantil. A solenidade ser\u00e1 no audit\u00f3rio da Corte de Contas, \u00e0s 8h, e contar\u00e1 com a participa\u00e7\u00e3o dos gr\u00eamios estudantis e diretores, que participam do projeto, al\u00e9m de autoridades locais.<\/span><\/p>\n<p style=\"text-align: justify;\"><span style=\"font-family: 'times new roman', times, serif; font-size: 14pt;\">Com temas voltados para lideran\u00e7a, protagonismo estudantil, gest\u00e3o democr\u00e1tica e processo de operacionaliza\u00e7\u00e3o do projeto nas escolas, o evento contar\u00e1, ainda, com a participa\u00e7\u00e3o e palestra da chefe de gabinete do Controle Interno da Presid\u00eancia da Rep\u00fablica, Silvana Morato de Miranda, que j\u00e1 demonstrou interesse no Ouvidoria Estudantil como projeto-piloto para todo o Pa\u00eds.<\/span><\/p>\n<p style=\"text-align: justify;\"><span style=\"font-family: 'times new roman', times, serif; font-size: 14pt;\">\u201cA Ouvidoria do TCE-AM est\u00e1 expandindo um projeto exitoso e que j\u00e1 est\u00e1 servindo de exemplo para outras Ouvidorias no Brasil. Parabenizo o conselheiro \u00c9rico Desterro, ouvidor da Corte de Contas, e todos os servidores que auxiliam o Tribunal a estar mais pr\u00f3ximo da sociedade\u201d, disse o presidente do TCE-AM, conselheiro Mario de Mello.<\/span><\/p>\n<p style=\"text-align: justify;\"><span style=\"font-family: 'times new roman', times, serif; font-size: 14pt;\">No in\u00edcio de agosto, houve a posse de tr\u00eas alunos ouvidores, que faziam parte do projeto piloto. Agora, com a expans\u00e3o do Ouvidoria Estudantil para novas escolas, os novos alunos e gr\u00eamios estudantis participar\u00e3o do ciclo de forma\u00e7\u00e3o referente ao projeto.<\/span><\/p>\n<p style=\"text-align: justify;\"><span style=\"font-family: 'times new roman', times, serif; font-size: 14pt;\">\u201cA expans\u00e3o do projeto, em um curto per\u00edodo de tempo, nos deixa muito satisfeitos e otimistas. Pois, \u00e9 fundamental que as escolas abracem o Ouvidoria Estudantil para que, assim, possamos levar esse despertar do protagonismo estudantil e do controle social, que s\u00e3o objetivos do projeto, para mais alunos\u201d, disse o conselheiro-ouvidor do TCE-AM, \u00c9rico Desterro.<\/span><\/p>\n<p style=\"text-align: justify;\"><span style=\"font-family: 'times new roman', times, serif; font-size: 14pt;\">Como novidade, o projeto trar\u00e1 a figura do \u2018Pequeno Ouvidor\u2019, que ser\u00e3o os alunos ouvidores das escolas do Ensino Fundamental 1.<\/span><\/p>\n<p style=\"text-align: justify;\"><span style=\"font-family: 'times new roman', times, serif; font-size: 14pt;\"><strong>Capacita\u00e7\u00e3o<\/strong><\/span><\/p>\n<p style=\"text-align: justify;\"><span style=\"font-family: 'times new roman', times, serif; font-size: 14pt;\">Al\u00e9m da posse dos alunos, a programa\u00e7\u00e3o do evento contar\u00e1 com distribui\u00e7\u00e3o de kits para os estudantes e tr\u00eas dias de forma\u00e7\u00e3o, de 21 a 23 de setembro, para as diretorias dos gr\u00eamios estudantis, coordenadores e gestores das escolas que participam do projeto.<\/span><\/p>\n<p style=\"text-align: justify;\"><span style=\"font-family: 'times new roman', times, serif; font-size: 14pt;\">As escolas que participar\u00e3o do evento s\u00e3o Ab\u00edlio Nery, Ana Mota Braga, Arist\u00f3fanes Bezerra de Castro, Dulcenides dos Santos, Jarlece da Concei\u00e7\u00e3o, Lucila Freitas, Raimundo Nonato Magalh\u00e3es Cordeiro, Rodolpho Valle, S\u00edria Mamed, Vila Da Felicidade e Waldir Garcia, cumprindo todas as medidas sanit\u00e1rias de preven\u00e7\u00e3o \u00e0 Covid-19.<\/span><\/p>\n<p style=\"text-align: justify;\"><span style=\"font-family: 'times new roman', times, serif; font-size: 14pt;\"><strong>Sobre o projeto<\/strong><\/span><\/p>\n<p style=\"text-align: justify;\"><span style=\"font-family: 'times new roman', times, serif; font-size: 14pt;\">O Ouvidoria Estudantil \u00e9 uma parceria da Ouvidoria do TCE-AM com a Secretaria Municipal de Educa\u00e7\u00e3o (Semed), que tem o intuito capacitar os alunos da rede p\u00fablica de ensino, promovendo o protagonismo estudantil na gest\u00e3o escolar bem como a participa\u00e7\u00e3o cidad\u00e3, al\u00e9m de fortalecer o controle social.<\/span><\/p>\n<p style=\"text-align: justify;\"><span style=\"font-family: 'times new roman', times, serif; font-size: 14pt;\">Al\u00e9m das novas escolas, participam do projeto as escolas Ab\u00edlio Alencar, Ant\u00f4nia Pereira e Dalvina Oliveira.<\/span><\/p>\n<p style=\"text-align: justify;\"><span style=\"font-family: 'times new roman', times, serif; font-size: 14pt;\">&#8230;<\/span><\/p>\n<p style=\"text-align: justify;\"><span style=\"font-family: 'times new roman', times, serif; font-size: 14pt;\"><strong>Texto<\/strong>: Giovana Airon\u00a0 \u00a0 \u00a0<strong>Edi\u00e7\u00e3o<\/strong>: Camila Carvalho\/Elvis Chaves<\/span><\/p>\n","protected":false},"excerpt":{"rendered":"<p>A Ouvidoria do Tribunal de Contas do Amazonas (TCE-AM) realizar\u00e1, nesta ter\u00e7a-feira (21), a posse de mais 11 alunos ouvidores do projeto Ouvidoria Estudantil. A solenidade ser\u00e1 no audit\u00f3rio da Corte de Contas, \u00e0s 8h, e contar\u00e1 com a participa\u00e7\u00e3o dos gr\u00eamios estudantis e diretores, que participam do projeto, al\u00e9m de autoridades locais. Com temas [&hellip;]<\/p>\n","protected":false},"author":5,"featured_media":2207,"comment_status":"closed","ping_status":"closed","sticky":false,"template":"","format":"standard","meta":{"_monsterinsights_skip_tracking":false,"_monsterinsights_sitenote_active":false,"_monsterinsights_sitenote_note":"","_monsterinsights_sitenote_category":0,"site-sidebar-layout":"default","site-content-layout":"default","ast-site-content-layout":"","site-content-style":"default","site-sidebar-style":"default","ast-global-header-display":"","ast-banner-title-visibility":"","ast-main-header-display":"","ast-hfb-above-header-display":"","ast-hfb-below-header-display":"","ast-hfb-mobile-header-display":"","site-post-title":"","ast-breadcrumbs-content":"","ast-featured-img":"","footer-sml-layout":"","theme-transparent-header-meta":"default","adv-header-id-meta":"","stick-header-meta":"","header-above-stick-meta":"","header-main-stick-meta":"","header-below-stick-meta":"","astra-migrate-meta-layouts":"default","ast-page-background-enabled":"default","ast-page-background-meta":{"desktop":{"background-color":"","background-image":"","background-repeat":"repeat","background-position":"center center","background-size":"auto","background-attachment":"scroll","background-type":"","background-media":"","overlay-type":"","overlay-color":"","overlay-opacity":"","overlay-gradient":""},"tablet":{"background-color":"","background-image":"","background-repeat":"repeat","background-position":"center center","background-size":"auto","background-attachment":"scroll","background-type":"","background-media":"","overlay-type":"","overlay-color":"","overlay-opacity":"","overlay-gradient":""},"mobile":{"background-color":"","background-image":"","background-repeat":"repeat","background-position":"center center","background-size":"auto","background-attachment":"scroll","background-type":"","background-media":"","overlay-type":"","overlay-color":"","overlay-opacity":"","overlay-gradient":""}},"ast-content-background-meta":{"desktop":{"background-color":"var(--ast-global-color-5)","background-image":"","background-repeat":"repeat","background-position":"center center","background-size":"auto","background-attachment":"scroll","background-type":"","background-media":"","overlay-type":"","overlay-color":"","overlay-opacity":"","overlay-gradient":""},"tablet":{"background-color":"var(--ast-global-color-5)","background-image":"","background-repeat":"repeat","background-position":"center center","background-size":"auto","background-attachment":"scroll","background-type":"","background-media":"","overlay-type":"","overlay-color":"","overlay-opacity":"","overlay-gradient":""},"mobile":{"background-color":"var(--ast-global-color-5)","background-image":"","background-repeat":"repeat","background-position":"center center","background-size":"auto","background-attachment":"scroll","background-type":"","background-media":"","overlay-type":"","overlay-color":"","overlay-opacity":"","overlay-gradient":""}},"footnotes":""},"categories":[28,35],"tags":[],"class_list":["post-2286","post","type-post","status-publish","format-standard","has-post-thumbnail","hentry","category-noticias","category-ouvidoria-estudantil"],"_links":{"self":[{"href":"https:\/\/ouvidoria.tce.am.gov.br\/index.php?rest_route=\/wp\/v2\/posts\/2286","targetHints":{"allow":["GET"]}}],"collection":[{"href":"https:\/\/ouvidoria.tce.am.gov.br\/index.php?rest_route=\/wp\/v2\/posts"}],"about":[{"href":"https:\/\/ouvidoria.tce.am.gov.br\/index.php?rest_route=\/wp\/v2\/types\/post"}],"author":[{"embeddable":true,"href":"https:\/\/ouvidoria.tce.am.gov.br\/index.php?rest_route=\/wp\/v2\/users\/5"}],"replies":[{"embeddable":true,"href":"https:\/\/ouvidoria.tce.am.gov.br\/index.php?rest_route=%2Fwp%2Fv2%2Fcomments&post=2286"}],"version-history":[{"count":3,"href":"https:\/\/ouvidoria.tce.am.gov.br\/index.php?rest_route=\/wp\/v2\/posts\/2286\/revisions"}],"predecessor-version":[{"id":2297,"href":"https:\/\/ouvidoria.tce.am.gov.br\/index.php?rest_route=\/wp\/v2\/posts\/2286\/revisions\/2297"}],"wp:featuredmedia":[{"embeddable":true,"href":"https:\/\/ouvidoria.tce.am.gov.br\/index.php?rest_route=\/wp\/v2\/media\/2207"}],"wp:attachment":[{"href":"https:\/\/ouvidoria.tce.am.gov.br\/index.php?rest_route=%2Fwp%2Fv2%2Fmedia&parent=2286"}],"wp:term":[{"taxonomy":"category","embeddable":true,"href":"https:\/\/ouvidoria.tce.am.gov.br\/index.php?rest_route=%2Fwp%2Fv2%2Fcategories&post=2286"},{"taxonomy":"post_tag","embeddable":true,"href":"https:\/\/ouvidoria.tce.am.gov.br\/index.php?rest_route=%2Fwp%2Fv2%2Ftags&post=2286"}],"curies":[{"name":"wp","href":"https:\/\/api.w.org\/{rel}","templated":true}]}}