{"id":3215,"date":"2021-11-26T18:11:20","date_gmt":"2021-11-26T22:11:20","guid":{"rendered":"https:\/\/ouvidoria.tce.am.gov.br\/?p=3215"},"modified":"2021-11-26T18:11:20","modified_gmt":"2021-11-26T22:11:20","slug":"com-grande-audiencia-e-relevantes-discussoes-ouvidoria-do-tce-am-encerra-5o-simposio-nacional-de-ouvidorias","status":"publish","type":"post","link":"https:\/\/ouvidoria.tce.am.gov.br\/?p=3215","title":{"rendered":"Com grande audi\u00eancia e relevantes discuss\u00f5es, Ouvidoria do TCE-AM encerra 5\u00ba Simp\u00f3sio Nacional de Ouvidorias"},"content":{"rendered":"<p style=\"text-align: justify;\"><span style=\"font-family: 'times new roman', times, serif; font-size: 14pt;\">Os dois dias do 5\u00ba Simp\u00f3sio Nacional de Ouvidorias, promovido pela Ouvidoria do Tribunal de Contas do Amazonas (TCE-AM), chegaram ao fim com assinatura de termo de acordo com a Presid\u00eancia da Rep\u00fablica, troca de experi\u00eancias e resultados alcan\u00e7ados.<\/span><\/p>\n<p style=\"text-align: justify;\"><span style=\"font-family: 'times new roman', times, serif; font-size: 14pt;\">O evento foi marcado por grande audi\u00eancia nas redes sociais e participantes convidados, de forma, limitada, no audit\u00f3rio da Corte de Contas.<\/span><\/p>\n<p style=\"text-align: justify;\"><span style=\"font-family: 'times new roman', times, serif; font-size: 14pt;\"><a href=\"https:\/\/ouvidoria.tce.am.gov.br\/wp-content\/uploads\/2021\/11\/WhatsApp-Image-2021-11-26-at-12.01.25-scaled-1.jpeg\"><img fetchpriority=\"high\" decoding=\"async\" class=\"aligncenter  wp-image-3216\" src=\"https:\/\/ouvidoria.tce.am.gov.br\/wp-content\/uploads\/2021\/11\/WhatsApp-Image-2021-11-26-at-12.01.25-scaled-1.jpeg\" alt=\"\" width=\"617\" height=\"411\" srcset=\"https:\/\/ouvidoria.tce.am.gov.br\/wp-content\/uploads\/2021\/11\/WhatsApp-Image-2021-11-26-at-12.01.25-scaled-1.jpeg 1024w, https:\/\/ouvidoria.tce.am.gov.br\/wp-content\/uploads\/2021\/11\/WhatsApp-Image-2021-11-26-at-12.01.25-scaled-1-300x200.jpeg 300w, https:\/\/ouvidoria.tce.am.gov.br\/wp-content\/uploads\/2021\/11\/WhatsApp-Image-2021-11-26-at-12.01.25-scaled-1-768x512.jpeg 768w\" sizes=\"(max-width: 617px) 100vw, 617px\" \/><\/a><\/span><\/p>\n<p style=\"text-align: justify;\"><span style=\"font-family: 'times new roman', times, serif; font-size: 14pt;\">\u201cSabemos que nossa Ouvidoria tem trabalhado, incansavelmente, em evoluir o trabalho no Amazonas, sendo inclusive exemplo para o pa\u00eds. Nesta edi\u00e7\u00e3o do Simp\u00f3sio, conseguimos reunir experientes atores do controle externo nacional e estudiosos do Direito para discutir o atual cen\u00e1rio das Ouvidorias e a evolu\u00e7\u00e3o tecnol\u00f3gica trazida, sobretudo, a partir do distanciamento social\u201d, destacou o presidente da Corte de Contas, conselheiro Mario de Mello.<\/span><\/p>\n<p style=\"text-align: justify;\"><span style=\"font-family: 'times new roman', times, serif; font-size: 14pt;\">Ao encerrar o simp\u00f3sio, o ouvidor-geral do TCE-AM, conselheiro \u00c9rico Desterro, ressaltou a import\u00e2ncia das discuss\u00f5es para engradecer o trabalho das Ouvidorias.<\/span><\/p>\n<p style=\"text-align: justify;\"><span style=\"font-family: 'times new roman', times, serif; font-size: 14pt;\"><a href=\"https:\/\/ouvidoria.tce.am.gov.br\/wp-content\/uploads\/2021\/11\/WhatsApp-Image-2021-11-26-at-12.01.46-768x575-1.jpeg\"><img decoding=\"async\" class=\"aligncenter  wp-image-3217\" src=\"https:\/\/ouvidoria.tce.am.gov.br\/wp-content\/uploads\/2021\/11\/WhatsApp-Image-2021-11-26-at-12.01.46-768x575-1.jpeg\" alt=\"\" width=\"565\" height=\"423\" srcset=\"https:\/\/ouvidoria.tce.am.gov.br\/wp-content\/uploads\/2021\/11\/WhatsApp-Image-2021-11-26-at-12.01.46-768x575-1.jpeg 768w, https:\/\/ouvidoria.tce.am.gov.br\/wp-content\/uploads\/2021\/11\/WhatsApp-Image-2021-11-26-at-12.01.46-768x575-1-300x225.jpeg 300w\" sizes=\"(max-width: 565px) 100vw, 565px\" \/><\/a><\/span><\/p>\n<p style=\"text-align: justify;\"><span style=\"font-family: 'times new roman', times, serif; font-size: 14pt;\">\u201cTivemos a oportunidade de falar de coisas interessantes, coisas novas, como a inclus\u00e3o do cidad\u00e3o no controle social atrav\u00e9s das novas tecnologias, governan\u00e7a p\u00fablica. Temos aprimorado nossas t\u00e9cnicas, vamos avan\u00e7ar cada vez mais\u201d, frisou o conselheiro-ouvidor do TCE-AM, \u00c9rico Desterro.<\/span><\/p>\n<p style=\"text-align: justify;\">\n<p style=\"text-align: justify;\"><span style=\"font-family: 'times new roman', times, serif; font-size: 14pt;\"><strong>Discuss\u00f5es<\/strong><\/span><\/p>\n<p style=\"text-align: justify;\"><span style=\"font-family: 'times new roman', times, serif; font-size: 14pt;\">O simp\u00f3sio foi dividido em tr\u00eas pain\u00e9is, cada um deles mediados por ouvidores relevantes no cen\u00e1rio nacional.<\/span><\/p>\n<p style=\"text-align: justify;\"><span style=\"font-family: 'times new roman', times, serif; font-size: 14pt;\"><a href=\"https:\/\/ouvidoria.tce.am.gov.br\/wp-content\/uploads\/2021\/11\/WhatsApp-Image-2021-11-26-at-12.01.18-768x512-1.jpeg\"><img decoding=\"async\" class=\"aligncenter  wp-image-3218\" src=\"https:\/\/ouvidoria.tce.am.gov.br\/wp-content\/uploads\/2021\/11\/WhatsApp-Image-2021-11-26-at-12.01.18-768x512-1.jpeg\" alt=\"\" width=\"650\" height=\"433\" srcset=\"https:\/\/ouvidoria.tce.am.gov.br\/wp-content\/uploads\/2021\/11\/WhatsApp-Image-2021-11-26-at-12.01.18-768x512-1.jpeg 768w, https:\/\/ouvidoria.tce.am.gov.br\/wp-content\/uploads\/2021\/11\/WhatsApp-Image-2021-11-26-at-12.01.18-768x512-1-300x200.jpeg 300w\" sizes=\"(max-width: 650px) 100vw, 650px\" \/><\/a><\/span><\/p>\n<p style=\"text-align: justify;\">\n<p style=\"text-align: justify;\"><span style=\"font-family: 'times new roman', times, serif; font-size: 14pt;\">A primeira mesa, mediada pelo presidente do Comit\u00ea T\u00e9cnico das Corregedorias, Ouvidorias e Controle Social do Instituto Rui Barbosa, conselheiro Gilberto Jales, trouxe discuss\u00f5es do cen\u00e1rio, avan\u00e7o, e desafios da ouvidoria brasileira. Al\u00e9m do mediador, participaram como debatedores o secret\u00e1rio de Controle Interno da Presid\u00eancia da Rep\u00fablica, Edson S\u00e1 Teles; a presidente do F\u00f3rum Nacional de Ouvidores Universit\u00e1rios, Luciana Bertachini; e a ouvidora do Sistema \u00danico de Sa\u00fade, Danielle Ventura.<\/span><\/p>\n<p style=\"text-align: justify;\"><span style=\"font-family: 'times new roman', times, serif; font-size: 14pt;\">J\u00e1 a segunda mesa, mediada pelo ouvidor-geral da C\u00e2mara Municipal de Manaus, vereador Amom Mandel, tratou sobre a \u201cCidadania Digital, Governo Digital e Efici\u00eancia P\u00fablica\u201d.<\/span><\/p>\n<p style=\"text-align: justify;\"><span style=\"font-family: 'times new roman', times, serif; font-size: 14pt;\">O painel contou com palestra do juiz de direito do TJ-DFT, Samer Agi, e debate com o pesquisador nas \u00e1reas de Governo Aberto e Transforma\u00e7\u00e3o Digital, Thiago \u00c1vila; e o doutor em direito pela Universidade Federal de Minas Gerais, Jeibson dos Santos Justiniano.<\/span><\/p>\n<p style=\"text-align: justify;\"><span style=\"font-family: 'times new roman', times, serif; font-size: 14pt;\">A terceira e \u00faltima mesa contou com media\u00e7\u00e3o do Ouvidor-geral do TCE-AM, conselheiro \u00c9rico Desterro, e debates da mestra Christianne Stroppa, da doutora, Ana Maria Pedreira, e da doutora Vivian Gregori. Ao fim, o conselheiro do TCE-CE, Edilberto Carlos Lima realizou a palestra de encerramento.<\/span><\/p>\n<p style=\"text-align: justify;\"><span style=\"font-family: 'times new roman', times, serif; font-size: 14pt;\"><a href=\"https:\/\/ouvidoria.tce.am.gov.br\/wp-content\/uploads\/2021\/11\/WhatsApp-Image-2021-11-26-at-12.01.11-768x428-1.jpeg\"><img loading=\"lazy\" decoding=\"async\" class=\"aligncenter  wp-image-3219\" src=\"https:\/\/ouvidoria.tce.am.gov.br\/wp-content\/uploads\/2021\/11\/WhatsApp-Image-2021-11-26-at-12.01.11-768x428-1.jpeg\" alt=\"\" width=\"642\" height=\"358\" srcset=\"https:\/\/ouvidoria.tce.am.gov.br\/wp-content\/uploads\/2021\/11\/WhatsApp-Image-2021-11-26-at-12.01.11-768x428-1.jpeg 768w, https:\/\/ouvidoria.tce.am.gov.br\/wp-content\/uploads\/2021\/11\/WhatsApp-Image-2021-11-26-at-12.01.11-768x428-1-300x167.jpeg 300w\" sizes=\"(max-width: 642px) 100vw, 642px\" \/><\/a><\/span><\/p>\n<p style=\"text-align: justify;\"><span style=\"font-family: 'times new roman', times, serif; font-size: 14pt;\">O acordo foi assinado pelo conselheiro \u00c9rico Desterro e o secret\u00e1rio de Controle Interno da Presid\u00eancia da Rep\u00fablica, Edson Teles.<\/span><\/p>\n<p style=\"text-align: justify;\"><span style=\"font-size: 14pt;\">&#8230;<\/span><\/p>\n<p style=\"text-align: justify;\"><span style=\"font-size: 14pt;\"><strong>Texto<\/strong>: Lucas Silva<\/span><\/p>\n","protected":false},"excerpt":{"rendered":"<p>Os dois dias do 5\u00ba Simp\u00f3sio Nacional de Ouvidorias, promovido pela Ouvidoria do Tribunal de Contas do Amazonas (TCE-AM), chegaram ao fim com assinatura de termo de acordo com a Presid\u00eancia da Rep\u00fablica, troca de experi\u00eancias e resultados alcan\u00e7ados. O evento foi marcado por grande audi\u00eancia nas redes sociais e participantes convidados, de forma, limitada, [&hellip;]<\/p>\n","protected":false},"author":5,"featured_media":3220,"comment_status":"closed","ping_status":"closed","sticky":false,"template":"","format":"standard","meta":{"_monsterinsights_skip_tracking":false,"_monsterinsights_sitenote_active":false,"_monsterinsights_sitenote_note":"","_monsterinsights_sitenote_category":0,"site-sidebar-layout":"default","site-content-layout":"default","ast-site-content-layout":"","site-content-style":"default","site-sidebar-style":"default","ast-global-header-display":"","ast-banner-title-visibility":"","ast-main-header-display":"","ast-hfb-above-header-display":"","ast-hfb-below-header-display":"","ast-hfb-mobile-header-display":"","site-post-title":"","ast-breadcrumbs-content":"","ast-featured-img":"","footer-sml-layout":"","theme-transparent-header-meta":"default","adv-header-id-meta":"","stick-header-meta":"","header-above-stick-meta":"","header-main-stick-meta":"","header-below-stick-meta":"","astra-migrate-meta-layouts":"default","ast-page-background-enabled":"default","ast-page-background-meta":{"desktop":{"background-color":"","background-image":"","background-repeat":"repeat","background-position":"center center","background-size":"auto","background-attachment":"scroll","background-type":"","background-media":"","overlay-type":"","overlay-color":"","overlay-opacity":"","overlay-gradient":""},"tablet":{"background-color":"","background-image":"","background-repeat":"repeat","background-position":"center center","background-size":"auto","background-attachment":"scroll","background-type":"","background-media":"","overlay-type":"","overlay-color":"","overlay-opacity":"","overlay-gradient":""},"mobile":{"background-color":"","background-image":"","background-repeat":"repeat","background-position":"center center","background-size":"auto","background-attachment":"scroll","background-type":"","background-media":"","overlay-type":"","overlay-color":"","overlay-opacity":"","overlay-gradient":""}},"ast-content-background-meta":{"desktop":{"background-color":"var(--ast-global-color-5)","background-image":"","background-repeat":"repeat","background-position":"center center","background-size":"auto","background-attachment":"scroll","background-type":"","background-media":"","overlay-type":"","overlay-color":"","overlay-opacity":"","overlay-gradient":""},"tablet":{"background-color":"var(--ast-global-color-5)","background-image":"","background-repeat":"repeat","background-position":"center center","background-size":"auto","background-attachment":"scroll","background-type":"","background-media":"","overlay-type":"","overlay-color":"","overlay-opacity":"","overlay-gradient":""},"mobile":{"background-color":"var(--ast-global-color-5)","background-image":"","background-repeat":"repeat","background-position":"center center","background-size":"auto","background-attachment":"scroll","background-type":"","background-media":"","overlay-type":"","overlay-color":"","overlay-opacity":"","overlay-gradient":""}},"footnotes":""},"categories":[28,45],"tags":[],"class_list":["post-3215","post","type-post","status-publish","format-standard","has-post-thumbnail","hentry","category-noticias","category-simposio-nacional-de-ouvidorias"],"_links":{"self":[{"href":"https:\/\/ouvidoria.tce.am.gov.br\/index.php?rest_route=\/wp\/v2\/posts\/3215","targetHints":{"allow":["GET"]}}],"collection":[{"href":"https:\/\/ouvidoria.tce.am.gov.br\/index.php?rest_route=\/wp\/v2\/posts"}],"about":[{"href":"https:\/\/ouvidoria.tce.am.gov.br\/index.php?rest_route=\/wp\/v2\/types\/post"}],"author":[{"embeddable":true,"href":"https:\/\/ouvidoria.tce.am.gov.br\/index.php?rest_route=\/wp\/v2\/users\/5"}],"replies":[{"embeddable":true,"href":"https:\/\/ouvidoria.tce.am.gov.br\/index.php?rest_route=%2Fwp%2Fv2%2Fcomments&post=3215"}],"version-history":[{"count":1,"href":"https:\/\/ouvidoria.tce.am.gov.br\/index.php?rest_route=\/wp\/v2\/posts\/3215\/revisions"}],"predecessor-version":[{"id":3221,"href":"https:\/\/ouvidoria.tce.am.gov.br\/index.php?rest_route=\/wp\/v2\/posts\/3215\/revisions\/3221"}],"wp:featuredmedia":[{"embeddable":true,"href":"https:\/\/ouvidoria.tce.am.gov.br\/index.php?rest_route=\/wp\/v2\/media\/3220"}],"wp:attachment":[{"href":"https:\/\/ouvidoria.tce.am.gov.br\/index.php?rest_route=%2Fwp%2Fv2%2Fmedia&parent=3215"}],"wp:term":[{"taxonomy":"category","embeddable":true,"href":"https:\/\/ouvidoria.tce.am.gov.br\/index.php?rest_route=%2Fwp%2Fv2%2Fcategories&post=3215"},{"taxonomy":"post_tag","embeddable":true,"href":"https:\/\/ouvidoria.tce.am.gov.br\/index.php?rest_route=%2Fwp%2Fv2%2Ftags&post=3215"}],"curies":[{"name":"wp","href":"https:\/\/api.w.org\/{rel}","templated":true}]}}