{"id":562578,"date":"2024-05-10T14:34:14","date_gmt":"2024-05-10T18:34:14","guid":{"rendered":"https:\/\/ouvidoria.tce.am.gov.br\/?p=562578"},"modified":"2024-05-10T14:50:22","modified_gmt":"2024-05-10T18:50:22","slug":"562578","status":"publish","type":"post","link":"https:\/\/ouvidoria.tce.am.gov.br\/?p=562578","title":{"rendered":""},"content":{"rendered":"<p><span style=\"font-weight: 400;\">A primeira a\u00e7\u00e3o do projeto \u201cOuvidoria na Comunidade\u201d, idealizada pelo Ouvidor da Corte de Contas, Conselheiro Mario de Mello, aconteceu n<\/span><span style=\"font-weight: 400;\">o dia 15 de mar\u00e7o (sexta), <\/span><span style=\"font-weight: 400;\">como p<\/span><span style=\"font-weight: 400;\">arte das a\u00e7\u00f5es da edi\u00e7\u00e3o 2024 do \u201cOuvidoria Day\u201d, que celebra o Dia Nacional do Ouvidor, 16 de mar\u00e7o (s\u00e1bado). O evento teve como foco a reflex\u00e3o sobre a import\u00e2ncia das Ouvidorias e do papel do Ouvidor. Neste ano, os temas trabalhados foram: Controle Social, Transpar\u00eancia P\u00fablica e Fomento \u00e0s Ouvidorias em \u00f3rg\u00e3os jurisdicionados.<\/span><\/p>\n<p><span style=\"font-weight: 400;\">\u201cN\u00f3s viemos aqui estreitar os la\u00e7os com a comunidade, para que as pessoas possam trazer suas demandas para o Tribunal e n\u00f3s ouvi-los e atend\u00ea-los, ajudando no aprimoramento da gest\u00e3o p\u00fablica. Esta a\u00e7\u00e3o foi idealizada pelo conselheiro Mario de Mello, com esse intuito de aproximar o Tribunal da sociedade em geral, por meio da Ouvidoria. A realiza\u00e7\u00e3o do \u201cOuvidoria na Comunidade\u201d vai ao encontro das recomenda\u00e7\u00f5es do Instituto Rui Barbosa, a casa do conhecimento dos Tribunais de Contas do Brasil, que recomenda a todas as ouvidorias que realizem a\u00e7\u00f5es que fomentem a participa\u00e7\u00e3o popular\u201d, explicou a coordenadora do referido projeto, Solange Ribeiro.<\/span><\/p>\n","protected":false},"excerpt":{"rendered":"<p>A primeira a\u00e7\u00e3o do projeto \u201cOuvidoria na Comunidade\u201d, idealizada pelo Ouvidor da Corte de Contas, Conselheiro Mario de Mello, aconteceu no dia 15 de mar\u00e7o (sexta), como parte das a\u00e7\u00f5es da edi\u00e7\u00e3o 2024 do \u201cOuvidoria Day\u201d, que celebra o Dia Nacional do Ouvidor, 16 de mar\u00e7o (s\u00e1bado). O evento teve como foco a reflex\u00e3o sobre [&hellip;]<\/p>\n","protected":false},"author":14,"featured_media":562579,"comment_status":"closed","ping_status":"closed","sticky":false,"template":"","format":"standard","meta":{"_monsterinsights_skip_tracking":false,"_monsterinsights_sitenote_active":false,"_monsterinsights_sitenote_note":"","_monsterinsights_sitenote_category":0,"site-sidebar-layout":"default","site-content-layout":"","ast-site-content-layout":"default","site-content-style":"default","site-sidebar-style":"default","ast-global-header-display":"","ast-banner-title-visibility":"","ast-main-header-display":"","ast-hfb-above-header-display":"","ast-hfb-below-header-display":"","ast-hfb-mobile-header-display":"","site-post-title":"","ast-breadcrumbs-content":"","ast-featured-img":"","footer-sml-layout":"","theme-transparent-header-meta":"default","adv-header-id-meta":"","stick-header-meta":"default","header-above-stick-meta":"","header-main-stick-meta":"","header-below-stick-meta":"","astra-migrate-meta-layouts":"set","ast-page-background-enabled":"default","ast-page-background-meta":{"desktop":{"background-color":"","background-image":"","background-repeat":"repeat","background-position":"center center","background-size":"auto","background-attachment":"scroll","background-type":"","background-media":"","overlay-type":"","overlay-color":"","overlay-opacity":"","overlay-gradient":""},"tablet":{"background-color":"","background-image":"","background-repeat":"repeat","background-position":"center center","background-size":"auto","background-attachment":"scroll","background-type":"","background-media":"","overlay-type":"","overlay-color":"","overlay-opacity":"","overlay-gradient":""},"mobile":{"background-color":"","background-image":"","background-repeat":"repeat","background-position":"center center","background-size":"auto","background-attachment":"scroll","background-type":"","background-media":"","overlay-type":"","overlay-color":"","overlay-opacity":"","overlay-gradient":""}},"ast-content-background-meta":{"desktop":{"background-color":"var(--ast-global-color-5)","background-image":"","background-repeat":"repeat","background-position":"center center","background-size":"auto","background-attachment":"scroll","background-type":"","background-media":"","overlay-type":"","overlay-color":"","overlay-opacity":"","overlay-gradient":""},"tablet":{"background-color":"var(--ast-global-color-5)","background-image":"","background-repeat":"repeat","background-position":"center center","background-size":"auto","background-attachment":"scroll","background-type":"","background-media":"","overlay-type":"","overlay-color":"","overlay-opacity":"","overlay-gradient":""},"mobile":{"background-color":"var(--ast-global-color-5)","background-image":"","background-repeat":"repeat","background-position":"center center","background-size":"auto","background-attachment":"scroll","background-type":"","background-media":"","overlay-type":"","overlay-color":"","overlay-opacity":"","overlay-gradient":""}},"footnotes":""},"categories":[1],"tags":[],"class_list":["post-562578","post","type-post","status-publish","format-standard","has-post-thumbnail","hentry","category-sem-categoria"],"_links":{"self":[{"href":"https:\/\/ouvidoria.tce.am.gov.br\/index.php?rest_route=\/wp\/v2\/posts\/562578","targetHints":{"allow":["GET"]}}],"collection":[{"href":"https:\/\/ouvidoria.tce.am.gov.br\/index.php?rest_route=\/wp\/v2\/posts"}],"about":[{"href":"https:\/\/ouvidoria.tce.am.gov.br\/index.php?rest_route=\/wp\/v2\/types\/post"}],"author":[{"embeddable":true,"href":"https:\/\/ouvidoria.tce.am.gov.br\/index.php?rest_route=\/wp\/v2\/users\/14"}],"replies":[{"embeddable":true,"href":"https:\/\/ouvidoria.tce.am.gov.br\/index.php?rest_route=%2Fwp%2Fv2%2Fcomments&post=562578"}],"version-history":[{"count":2,"href":"https:\/\/ouvidoria.tce.am.gov.br\/index.php?rest_route=\/wp\/v2\/posts\/562578\/revisions"}],"predecessor-version":[{"id":562602,"href":"https:\/\/ouvidoria.tce.am.gov.br\/index.php?rest_route=\/wp\/v2\/posts\/562578\/revisions\/562602"}],"wp:featuredmedia":[{"embeddable":true,"href":"https:\/\/ouvidoria.tce.am.gov.br\/index.php?rest_route=\/wp\/v2\/media\/562579"}],"wp:attachment":[{"href":"https:\/\/ouvidoria.tce.am.gov.br\/index.php?rest_route=%2Fwp%2Fv2%2Fmedia&parent=562578"}],"wp:term":[{"taxonomy":"category","embeddable":true,"href":"https:\/\/ouvidoria.tce.am.gov.br\/index.php?rest_route=%2Fwp%2Fv2%2Fcategories&post=562578"},{"taxonomy":"post_tag","embeddable":true,"href":"https:\/\/ouvidoria.tce.am.gov.br\/index.php?rest_route=%2Fwp%2Fv2%2Ftags&post=562578"}],"curies":[{"name":"wp","href":"https:\/\/api.w.org\/{rel}","templated":true}]}}